{"id":90244,"date":"2025-01-28T09:11:00","date_gmt":"2025-01-28T08:11:00","guid":{"rendered":"https:\/\/www.travelemiliaromagna.it\/san-valentino-in-citta\/"},"modified":"2025-02-03T11:15:14","modified_gmt":"2025-02-03T10:15:14","slug":"valentines-day-art-cities","status":"publish","type":"post","link":"https:\/\/www.travelemiliaromagna.it\/en\/valentines-day-art-cities\/","title":{"rendered":"Valentine&#8217;s Day in the cities of art"},"content":{"rendered":"<p>San Valentino arriva, puntuale, ogni anno.<br \/>\nPer festeggiare al meglio il Giorno degli Innamorati, ecco alcuni posti romantici nelle <a href=\"\/?tag=3-minuti\">nostre Citt\u00e0 d&#8217;Arte<\/a> dove dedicare un po\u2019 di tempo alla propria met\u00e0. Un ampio ventaglio di opportunit\u00e0 tra mura, parchi, fontane, castelli, canali, chiostri, borghi o mosaici stellati.<\/p>\n<p><strong>Ogni citt\u00e0 ha il suo luogo romantico<\/strong>, a costo zero o quasi, dove potersi scambiare promesse d\u2019amore e baci appassionanti.<br \/>\nAlla frase romantica e al regalo, per\u00f2, devi pensarci tu \ud83d\ude09 !<br \/>\nE nel mese di Sanremo, non potevamo farti mancare anche una <strong>colonna sonora<\/strong> per rendere ancora pi\u00f9 speciale questo momento rubato alla quotidianit\u00e0: ovviamente tutto made #inEmiliaRomagna.<\/p>\n<hr \/>\n<p>&nbsp;<\/p>\n<h3><a href=\"https:\/\/www.travelemiliaromagna.it\/en\/piacenza-in-3-minutes\/\">PIACENZA<\/a> | <a href=\"http:\/\/www.comune.piacenza.it\/benvenuti\/citta\/cosavedere\/citta-storica\/mura-farnesiane\" target=\"_blank\" rel=\"noopener\">Mura farnesiane<\/a><\/h3>\n<p>La cinta bastionata cinquecentesca che cingeva completamente l&#8217;abitato cittadino, con il recente cambio di illuminazione, \u00e8 stata resa molto romantica nelle ore serali e quindi perfetta per la passeggiata post lavoro. Affascinante porta Borghetto con il suo ponte ancora intatto che attraversava il vallo.<br \/>\nConsigliata soprattutto per le coppie sportive e amanti dei\u00a0cani.<\/p>\n<p><strong>Plus<\/strong>: se la tua met\u00e0 \u00e8 un principe o una principessa nell\u2019anima, da visitare il <a href=\"http:\/\/www.musei.piacenza.it\/conoscere\/collezioni\/carrozze\" target=\"_blank\" rel=\"noopener\">Museo delle Carrozze<\/a>, meglio nel weekend quando rispetta un orario pi\u00f9 lungo.<\/p>\n<p><strong>Colonna sonora<\/strong>: <a href=\"https:\/\/www.youtube.com\/watch?v=gxEJTtES3-E\" target=\"_blank\" rel=\"noopener\">Per sempre<\/a> della piacentina DOC Nina Zilli.<\/p>\n<div id=\"attachment_60507\" class=\"wp-caption alignnone\" style=\"width: 1658px;\">\n<p><a href=\"https:\/\/www.travelemiliaromagna.it\/en\/emilia-romagna-urban-parks\/mura-farnesiane-piacenza-ph-comune-di-piacenza-2\/\" rel=\"attachment wp-att-60507\"><img decoding=\"async\" class=\"size-full wp-image-60507\" src=\"https:\/\/www.travelemiliaromagna.it\/wp-content\/uploads\/2021\/06\/Mura-Farnesiane-Piacenza-Ph.-Comune-di-Piacenza.jpeg\" alt=\"Mura Farnesiane, Piacenza | Ph. Comune di Piacenza\" width=\"1648\" height=\"678\" \/><\/a><\/p>\n<p class=\"wp-caption-text\">Mura Farnesiane, Piacenza | Ph. Comune di Piacenza<\/p>\n<\/div>\n<p>&nbsp;<\/p>\n<hr \/>\n<p>&nbsp;<\/p>\n<h3><a href=\"https:\/\/www.travelemiliaromagna.it\/parma-3-minuti\/\">PARMA<\/a> | <a href=\"https:\/\/www.parmawelcome.it\/it\/scheda\/scopri-la-citta\/cosa-vedere\/parchi\/parco-ducale\/\" target=\"_blank\" rel=\"noopener\">Parco Ducale<\/a><\/h3>\n<p>Lasciato alle spalle il frastuono del traffico si pu\u00f2 godere del \u201cgiardino\u201d, come viene chiamato dai parmigiani, respirando\u00a0il sapore dei fasti di Maria Luigia d&#8217;Austria. Una passeggiata bucolica, anche in bici, fuori dal tempo, scambiandosi i regali su una delle panchine intorno al laghetto.<br \/>\nConsigliata soprattutto a coppie amanti della musica per la presenza della Corale Verdi, dove gustare i sapori della genuina Parma tra romantici arredamenti verdiani.<\/p>\n<p><strong>Plus<\/strong>: se ti capitasse di visitare <a href=\"http:\/\/turismo.comune.parma.it\/it\/canali-tematici\/scopri-il-territorio\/arte-e-cultura\/ville-dimore-teatri-storici\/palazzo-ducale\" target=\"_blank\" rel=\"noopener\">Palazzo Ducale<\/a>, sede dei RIS, in una delle sue aperture straordinarie da non perdere la Sala dell&#8217;Amore affrescata da Agostino Carracci.<\/p>\n<p><strong>Colonna sonora<\/strong>: <a href=\"https:\/\/www.youtube.com\/watch?v=owYTgJEnR-4\" target=\"_blank\" rel=\"noopener\">Traviata<\/a> del <a href=\"https:\/\/emiliaromagnaturismo.it\/it\/arte-cultura\/giuseppe-verdi?utm_source=TER&amp;utm_medium=post&amp;utm_campaign=SanValentino\">Maestro Giuseppe Verdi<\/a>.<\/p>\n<div id=\"attachment_58420\" class=\"wp-caption alignnone\" style=\"width: 1210px;\">\n<p><a href=\"https:\/\/www.travelemiliaromagna.it\/en\/why-visit-parma-20-reasons\/parco_ducale_di_parma-2\/\" rel=\"attachment wp-att-58420\"><img decoding=\"async\" class=\"size-full wp-image-58420\" src=\"https:\/\/www.travelemiliaromagna.it\/wp-content\/uploads\/2021\/06\/Parco_Ducale_di_Parma.jpg\" alt=\"Parco Ducale (Parma)\" width=\"1200\" height=\"801\" \/><\/a><\/p>\n<p class=\"wp-caption-text\">Parco Ducale (Parma) | Ph. Goethe100 WLM 2014<\/p>\n<\/div>\n<p>&nbsp;<\/p>\n<hr \/>\n<p>&nbsp;<\/p>\n<h3><a href=\"https:\/\/www.travelemiliaromagna.it\/en\/reggio-emilia-3-minutes\/\">REGGIO EMILIA<\/a> | <a href=\"http:\/\/turismo.comune.re.it\/it\/reggio-emilia\/scopri-il-territorio\/arte-e-cultura\/fontane-ponti-canali\/fontana-in-piazza-martiri-del-7-luglio\" target=\"_blank\" rel=\"noopener\">Fontana del Teatro Romolo Valli<\/a><\/h3>\n<p>Il restyling di Piazza Martiri del 7 luglio avvenuto nel 2008, ha consegnato alla citt\u00e0 e ai turisti una fontana tutta nuova, molto suggestiva. Gli arredi rendono la piazza da vivere anche per uno scambio di effusioni romantiche, con i 73 zampilli danzanti che fanno da suggestivo sfondo. Con lo spettacolo di luci e musica il gioco \u00e8 fatto, chiss\u00e0 se\u00a0sarete fortunati&#8230;<br \/>\nConsigliata soprattutto ai romantici cronici.<\/p>\n<p><strong>Plus<\/strong>: se nella coppia c\u2019\u00e8 un\u2019anima fashion da prendere in considerazione anche le sale dei <a href=\"http:\/\/www.musei.re.it\/collezioni\/galleria-parmeggiani\/sala-dei-gioielli\/\" target=\"_blank\" rel=\"noopener\">Gioielli<\/a>\u00a0e dei <a href=\"http:\/\/www.musei.re.it\/collezioni\/galleria-parmeggiani\/sala-dei-costumi\/\" target=\"_blank\" rel=\"noopener\">Costumi\u00a0<\/a>e <a href=\"http:\/\/www.musei.re.it\/collezioni\/galleria-parmeggiani\/sala-dei-velluti\/\" target=\"_blank\" rel=\"noopener\">Velluti <\/a>\u00a0della Galleria Parmeggiani possono fare al caso vostro per una romantica dichiarazione.<\/p>\n<p><strong>Colonna sonora<\/strong>: <a href=\"https:\/\/www.youtube.com\/watch?v=39vs_W8MTTU\" target=\"_blank\" rel=\"noopener\">Ti sento<\/a> del rocker Luciano Ligabue.<\/p>\n<div id=\"attachment_36868\" class=\"wp-caption alignnone\" style=\"width: 1610px;\">\n<p><a href=\"https:\/\/www.travelemiliaromagna.it\/en\/emilia-romagna-urban-parks\/san-valentino-in-citta-fontana-del-treatro-romolo-valli-a-reggio-emilia-ph-giangattobarigazzi-wlm-2014-2\/\" rel=\"attachment wp-att-36868\"><img decoding=\"async\" class=\"size-full wp-image-36868\" src=\"https:\/\/www.travelemiliaromagna.it\/wp-content\/uploads\/2021\/06\/San-Valentino-in-citta\u0300-Fontana-del-Treatro-Romolo-Valli-a-Reggio-Emilia-ph.-giangattobarigazzi-WLM-2014.jpg\" alt=\"San Valentino in citta\u0300 - Fontana del Treatro Romolo Valli a Reggio Emilia, ph. giangattobarigazzi WLM 2014\" width=\"1600\" height=\"967\" \/><\/a><\/p>\n<p class=\"wp-caption-text\">Fontana del Teatro Romolo Valli ph. giangattobarigazzi WLM 2014<\/p>\n<\/div>\n<p>&nbsp;<\/p>\n<hr \/>\n<p>&nbsp;<\/p>\n<h3><a href=\"https:\/\/www.travelemiliaromagna.it\/en\/modena-3-minutes\/\">MODENA<\/a> | <a href=\"http:\/\/www.gallerie-estensi.beniculturali.it\/galleria-estense\/collezioni\/\" target=\"_blank\" rel=\"noopener\">Galleria Estense<\/a><\/h3>\n<p>Cosa c\u2019\u00e8 di pi\u00f9 romantico di una dichiarazione davanti alla Venere e Cupido di Annibale Carracci? Sar\u00e0 possibile se porterete la vostra met\u00e0 alla Galleria Estense. Se l\u2019idea vi va a genio ricordate che la biglietteria chiude 30 minuti prima della chiusura prevista alle 19.30.<br \/>\nConsigliato agli appassionati d\u2019arte.<\/p>\n<p><strong>Plus<\/strong>: se per ragioni logistiche festeggerete nel weekend valutate anche una dichiarazione in cima alla <a href=\"http:\/\/www.visitmodena.it\/it\/informazioni-turistiche\/scopri-il-territorio\/arte-e-cultura\/castelli-torri-campanili\/torre-ghirlandina\" target=\"_blank\" rel=\"noopener\">Torre della Ghirlandina<\/a>, patrimonio UNESCO che da secoli scandisce la vita dei modenesi.<\/p>\n<p><strong>Colonna sonora<\/strong>: <a href=\"https:\/\/www.youtube.com\/watch?v=CctHKU4Lvwo\" target=\"_blank\" rel=\"noopener\">Senza parole<\/a> della rockstar internazionale Vasco Rossi, di <a href=\"https:\/\/emiliaromagnaturismo.it\/it\/localita\/zocca?utm_source=TER&amp;utm_medium=post&amp;utm_campaign=SanValentino\">Zocca<\/a>.<\/p>\n<ul class=\"product-slick\"><li><a data-caption=\"Venere e Cupido, Annibale Carracci, Galleria Estense di Modena\" data-fancybox=\"gallery\" href=\"https:\/\/www.travelemiliaromagna.it\/wp-content\/uploads\/2021\/06\/Annibale-Carracci-Venere-e-Cupido-Galleria-Estense-Modena-1024x862.jpg\" ><img decoding=\"async\" src=\"https:\/\/www.travelemiliaromagna.it\/wp-content\/uploads\/2021\/06\/Annibale-Carracci-Venere-e-Cupido-Galleria-Estense-Modena-1024x862.jpg\" alt=\"Venere e Cupido, Annibale Carracci, Galleria Estense di Modena\" class=\"img-fluid blur-up lazyload\"><p class=\"wp-caption-text\">Venere e Cupido, Annibale Carracci, Galleria Estense di Modena<\/p> <\/a><\/li><li><a data-caption=\"Galleria Estense di Modena\" data-fancybox=\"gallery\" href=\"https:\/\/www.travelemiliaromagna.it\/wp-content\/uploads\/2021\/06\/Galleria-Estense-Modena-Ph.-Sailko-WLM-2017-1024x741.jpg\" ><img decoding=\"async\" src=\"https:\/\/www.travelemiliaromagna.it\/wp-content\/uploads\/2021\/06\/Galleria-Estense-Modena-Ph.-Sailko-WLM-2017-1024x741.jpg\" alt=\"Galleria Estense di Modena\" class=\"img-fluid blur-up lazyload\"><p class=\"wp-caption-text\">Galleria Estense di Modena<\/p> <\/a><\/li><\/ul>\n    <div class=\"row\">\n        <div class=\"col-12 p-0 mb-2 mb-sm-0\">\n            <ul class=\"slider-nav\">\n                <li><img decoding=\"async\" src=\"https:\/\/www.travelemiliaromagna.it\/wp-content\/uploads\/2021\/06\/Annibale-Carracci-Venere-e-Cupido-Galleria-Estense-Modena-150x150.jpg\" alt=\"Venere e Cupido, Annibale Carracci, Galleria Estense di Modena\" class=\"img-fluid blur-up lazyload p-2\"><\/li><li><img decoding=\"async\" src=\"https:\/\/www.travelemiliaromagna.it\/wp-content\/uploads\/2021\/06\/Galleria-Estense-Modena-Ph.-Sailko-WLM-2017-150x150.jpg\" alt=\"Galleria Estense di Modena\" class=\"img-fluid blur-up lazyload p-2\"><\/li>\n            <\/ul>\n        <\/div>\n    <\/div>\n<p>&nbsp;<\/p>\n<hr \/>\n<p>&nbsp;<\/p>\n<h3><a href=\"https:\/\/www.travelemiliaromagna.it\/en\/bologna-3-minutes\/\">BOLOGNA<\/a> | <a href=\"http:\/\/www.bolognawelcome.com\/home\/scopri\/luoghi\/architettura-e-monumenti\/bologna-delle-acque\/finestrella-di-via-piella\/\" target=\"_blank\" rel=\"noopener\">Finestrella di Via Piella<\/a><\/h3>\n<p>Se stai cercando un luogo magico dove fare la dichiarazione d\u2019amore la finestrella di Via Piella, \u00e8 quello che fa al caso vostro. Un tuffo nel passato medievale affacciandosi dalla famosa finestrella nella zona antica dei canali della <a href=\"https:\/\/www.travelemiliaromagna.it\/en\/bologna-underground\/\">Bologna Sotterranea<\/a>. Ovvero la magia di fare promesse d\u2019amore come sui romantici canali veneziani, rimanendo in citt\u00e0.<br \/>\nConsigliato alle coppie sempre in cerca di qualcosa di nuovo.<\/p>\n<p><strong>Plus<\/strong>: passeggiare mano per la mano alla tua met\u00e0 nella ciottolosa e romantica <a href=\"http:\/\/www.bolognawelcome.com\/home\/scopri\/luoghi\/architettura-e-monumenti\/edifici-e-vie-storiche\/piazza-santo-stefano\/\" target=\"_blank\" rel=\"noopener\">Piazza Santo Stefano<\/a>, perfetta anche ammantata di nebbia.<\/p>\n<p><strong>Colonna sonora<\/strong>: <a href=\"http:\/\/www.youtube.com\/watch?v=rR_aINyOYhs\" target=\"_blank\" rel=\"noopener\">Piazza Grande<\/a> dell\u2019indimenticabile Lucio Dalla.<\/p>\n<div id=\"attachment_60510\" class=\"wp-caption alignnone\" style=\"width: 1610px;\">\n<p><a href=\"https:\/\/www.travelemiliaromagna.it\/en\/emilia-romagna-urban-parks\/bologna-bo-finestra_via_piella-ph-nicolepasini_viaggiareunostiledivita-it-ccbyncsa40-2\/\" rel=\"attachment wp-att-60510\"><img decoding=\"async\" class=\"size-full wp-image-60510\" src=\"https:\/\/www.travelemiliaromagna.it\/wp-content\/uploads\/2021\/06\/Bologna-BO-finestra_via_Piella-ph.NicolePasini_viaggiareunostiledivita.it-CCBYNCSA40.jpg\" alt=\"Bologna, finestra di via Piella, Ph. Nicole Pasini viaggiareunostiledivita.it\" width=\"1600\" height=\"1064\" \/><\/a><\/p>\n<p class=\"wp-caption-text\">Bologna, finestra di via Piella, Ph. Nicole Pasini viaggiareunostiledivita.it<\/p>\n<\/div>\n<p>&nbsp;<\/p>\n<hr \/>\n<p>&nbsp;<\/p>\n<h3><a href=\"https:\/\/www.travelemiliaromagna.it\/ferrara-3-minuti\/\">FERRARA<\/a> | <a href=\"http:\/\/www.castelloestense.it\/it\" target=\"_blank\" rel=\"noopener\">Castello Estense<\/a><\/h3>\n<p>Cosa c\u2019\u00e8 di pi\u00f9 romantico di un vero castello con tanto di ponte levatoi e nebbia che sale dal fossato? L\u2019opera architettonica voluta dagli Este \u00e8 la cornice ideale per i vostri festeggiamenti. Dal maestoso cortile, al giardino e la Loggia degli aranci fin sull\u2019ultimo dei 122 scalini della Torre dei Leoni.<br \/>\nConsigliato alle coppie amanti delle favole anche se moderne.<\/p>\n<p><strong>Plus<\/strong>: appena riaprono, ammirare \u201cPaolo e Francesca\u201d di Previati presso la <a href=\"https:\/\/artemoderna.comune.fe.it\/\">GAMC &#8211; Galleria d&#8217;Arte Moderna e Contemporanea<\/a>\u00a0e l&#8217;affresco Il Trionfo di Venere di Francesco Del Cossa realizzato nel Salone dei Mesi di Palazzo Schifanoia.<\/p>\n<p><strong>Colonna sonora<\/strong>: <a href=\"https:\/\/www.youtube.com\/watch?v=tv5hybxVEH0\" target=\"_blank\" rel=\"noopener\">Sono felice<\/a> della pantera di <a href=\"https:\/\/emiliaromagnaturismo.it\/it\/localita\/goro?utm_source=TER&amp;utm_medium=post&amp;utm_campaign=SanValentino\">Goro<\/a>, Milva.<\/p>\n<div id=\"attachment_27297\" class=\"wp-caption alignnone\" style=\"width: 1191px;\">\n<p><a href=\"https:\/\/www.travelemiliaromagna.it\/en\/castelloestense-studioesseci-2\/\" rel=\"attachment wp-att-27297\"><img decoding=\"async\" class=\"size-full wp-image-27297\" src=\"https:\/\/www.travelemiliaromagna.it\/wp-content\/uploads\/2021\/06\/CastelloEstense-@studioesseci.jpg\" alt=\"Castello Estense\" width=\"1181\" height=\"788\" \/><\/a><\/p>\n<p class=\"wp-caption-text\">Ph. studioesseci<\/p>\n<\/div>\n<p>&nbsp;<\/p>\n<hr \/>\n<p>&nbsp;<\/p>\n<h3><a href=\"https:\/\/www.travelemiliaromagna.it\/ravenna-in-3-minuti\/\">RAVENNA<\/a> | <a href=\"http:\/\/www.turismo.ra.it\/ita\/Scopri-il-territorio\/Arte-e-cultura\/Patrimonio-Unesco\/Mausoleo-di-Galla-Placidia\" target=\"_blank\" rel=\"noopener\">Mausoleo di Galla Placidia<\/a><\/h3>\n<p>Regalatevi un\u2019atmosfera magica per dichiararvi sotto un cielo stellato speciale dichiarato dall\u2019<a href=\"https:\/\/www.travelemiliaromagna.it\/en\/unesco-emilia-romagna\/\">UNESCO patrimonio dell\u2019Umanit\u00e0<\/a>. E sappia che proprio dopo averne apprezzato il sapiente lavoro dei mosaicisti bizantini Cole Porter,\u00a0in viaggio di nozze nella citt\u00e0 bizantina, compose la famosissima e romanticissima <em>Night and Day.<\/em><br \/>\nConsigliato a tutte le coppie, per un\u2019estasi amorosa a due.<\/p>\n<p><strong>Plus<\/strong>: suggestiva e anche essa molto intima una dichiarazione all\u2019interno della Cripta della <a href=\"http:\/\/www.turismo.ra.it\/ita\/Scopri-il-territorio\/Personaggi_-storia_-tradizioni\/Curiosit%C3%A0\/La-Cripta-della-Basilica-di-San-Francesco\" target=\"_blank\" rel=\"noopener\">Basilica di San Francesco<\/a>, con sorpresa visto che \u00e8 invasa dall\u2019acqua tra pesciolini rossi che nuotano sul pavimento musivo.<\/p>\n<p><strong>Colonna sonora<\/strong>: <a href=\"https:\/\/www.youtube.com\/watch?v=euPkapq-ors\" target=\"_blank\" rel=\"noopener\">Incancellabile<\/a> della romagnola pi\u00f9 famosa del mondo, Laura Pausini.<\/p>\n<p><img decoding=\"async\" class=\"aligncenter size-full wp-image-36876\" src=\"https:\/\/www.travelemiliaromagna.it\/wp-content\/uploads\/2021\/06\/San-Valentino-in-citta\u0300-Mausoleo_di_Galla_placidia_cielo_stellato_particolare_della_volta.jpg\" alt=\"San Valentino in citta\u0300 - Mausoleo_di_Galla_placidia_cielo_stellato_particolare_della_volta\" width=\"840\" height=\"460\" \/><\/p>\n<hr \/>\n<p>&nbsp;<\/p>\n<h3><a href=\"https:\/\/www.travelemiliaromagna.it\/en\/forli-3-minutes\/\">FORL\u00ec<\/a> | <a href=\"http:\/\/www.turismoforlivese.it\/servizi\/menu\/dinamica.aspx?ID=27128\" target=\"_blank\" rel=\"noopener\">Chiostro San Mercuriale<\/a><\/h3>\n<p>Scegli l\u2019interno del monumento simbolo della citt\u00e0 per declamare le tue frasi d\u2019amore e consegnare il classico mazzo di fiori. Seduti ai lati del chiostro tardo-quattrocentesco rettangolare o in piedi di fianco al pozzo del 12 secolo per esprimere insieme un comune desiderio amoroso\u2026<br \/>\nConsigliato alle coppie che vogliono fare un viaggio nel tempo.<\/p>\n<p><strong>Plus<\/strong>: se siete soliti paragonare la vostra met\u00e0 ad una dea greca, non mancate di dichiaravi davanti all\u2019Ebe del Canova custodita nella <a href=\"http:\/\/www.cultura.comune.forli.fc.it\/servizi\/menu\/dinamica.aspx?idArea=17262&amp;idCat=17266&amp;ID=17318&amp;TipoElemento=Categoria\" target=\"_blank\" rel=\"noopener\">Pinacoteca civica<\/a>.<\/p>\n<p><strong>Colonna sonora<\/strong>: <a href=\"https:\/\/www.youtube.com\/watch?v=5dBOHzCDdgw\" target=\"_blank\" rel=\"noopener\">Romagna mia<\/a> del re del <a href=\"https:\/\/emiliaromagnaturismo.it\/it\/riviera\/liscio?utm_source=TER&amp;utm_medium=post&amp;utm_campaign=SanValentino\">Liscio<\/a> Raoul Casadei.<\/p>\n<p><img decoding=\"async\" class=\"aligncenter size-full wp-image-36877\" src=\"https:\/\/www.travelemiliaromagna.it\/wp-content\/uploads\/2021\/06\/San-Valentino-in-citta\u0300-chiostro_della_chiesa_di_san_mercuriale-a-Forli\u0300.jpg\" alt=\"San Valentino in citta\u0300 - chiostro_della_chiesa_di_san_mercuriale a Forli\u0300\" width=\"1024\" height=\"399\" \/><\/p>\n<hr \/>\n<p>&nbsp;<\/p>\n<h3><a href=\"https:\/\/www.travelemiliaromagna.it\/rimini-in-3-minuti\/\">RIMINI<\/a> | <a href=\"http:\/\/www.riviera.rimini.it\/situr\/scopri-il-territorio\/arte-e-cultura\/borghi\/borgo-san-giuliano.html\" target=\"_blank\" rel=\"noopener\">Borgo San Giuliano<\/a><\/h3>\n<p>L\u2019antico borgo, tra le casette basse e colorate dei marinai e i murales multicolor che ricordano la magia onirica del <a href=\"https:\/\/www.travelemiliaromagna.it\/rimini-fellini\/\">maestro Fellini<\/a> \u00e8 la perfetta location per una passeggiata romantica al tramonto o al chiar di luna, scatola di cioccolatini inclusa. \ud83d\ude09<br \/>\nConsigliato per le coppie sempre alla ricerca di borghi al di fuori del tempo.<\/p>\n<p><strong>Plus<\/strong>: posto speciale per il bacio del 14 febbraio la panchina poco distante dal bimillenario\u00a0<a href=\"http:\/\/www.comune.rimini.it\/comune-e-citta\/citta\/monumenti\/ponte-di-tiberio\" target=\"_blank\" rel=\"noopener\">Ponte di Tiberio<\/a>,\u00a0per sentirsi parte della storia.<\/p>\n<p><strong>Colonna sonora<\/strong>: <a href=\"https:\/\/www.youtube.com\/watch?v=NOvFQlh9ZKU\" target=\"_blank\" rel=\"noopener\">Spaccacuore<\/a> del romagnolo Samuele Bersani.<\/p>\n<div id=\"attachment_60509\" class=\"wp-caption alignnone\" style=\"width: 1090px;\">\n<p><a href=\"https:\/\/www.travelemiliaromagna.it\/en\/emilia-romagna-urban-parks\/borgo-san-giuliano-pesoloaldo-2\/\" rel=\"attachment wp-att-60509\"><img decoding=\"async\" class=\"size-full wp-image-60509\" src=\"https:\/\/www.travelemiliaromagna.it\/wp-content\/uploads\/2021\/06\/Borgo-San-Giuliano-@pesoloaldo.jpg\" alt=\"Borgo San Giuliano, Rimini | Ph. @pesoloaldo\" width=\"1080\" height=\"720\" \/><\/a><\/p>\n<p class=\"wp-caption-text\">Borgo San Giuliano, Rimini | Ph. @pesoloaldo<\/p>\n<\/div>\n","protected":false},"excerpt":{"rendered":"<p>San Valentino arriva, puntuale, ogni anno. Per festeggiare al meglio il Giorno degli Innamorati, ecco alcuni posti romantici nelle nostre Citt\u00e0 d&#8217;Arte dove dedicare un po\u2019 di tempo alla propria met\u00e0. Un ampio ventaglio di opportunit\u00e0 tra mura, parchi, fontane, castelli, canali, chiostri, borghi o mosaici stellati. Ogni citt\u00e0 ha il suo luogo romantico, a [&hellip;]<\/p>\n","protected":false},"author":28,"featured_media":78618,"comment_status":"open","ping_status":"open","sticky":false,"template":"single-indice.php","format":"standard","meta":{"_acf_changed":false,"footnotes":""},"categories":[803],"tags":[850,531],"durata":[],"target":[648],"class_list":["post-90244","post","type-post","status-publish","format-standard","has-post-thumbnail","hentry","category-cities-of-art","tag-art-cities","tag-valentines-day","target-partner"],"acf":[],"yoast_head":"<!-- This site is optimized with the Yoast SEO plugin v27.3 - https:\/\/yoast.com\/product\/yoast-seo-wordpress\/ -->\n<title>Valentine&#039;s Day in the cities of art<\/title>\n<meta name=\"description\" content=\"Valentine&#039;s Day in the city? Here are the most romantic places in Emilia-Romagna among parks, fountains, castles, cloisters, villages and starry mosaics.\" \/>\n<meta name=\"robots\" content=\"index, follow, max-snippet:-1, max-image-preview:large, max-video-preview:-1\" \/>\n<link rel=\"canonical\" href=\"https:\/\/www.travelemiliaromagna.it\/en\/valentines-day-art-cities\/\" \/>\n<meta property=\"og:locale\" content=\"en_US\" \/>\n<meta property=\"og:type\" content=\"article\" \/>\n<meta property=\"og:title\" content=\"Valentine&#039;s Day in the cities of art | Travel Emilia Romagna\" \/>\n<meta property=\"og:description\" content=\"Valentine&#039;s Day in the city? Romantic places in Emilia-Romagna amid parks, fountains, castles, cloisters, villages and starry mosaics.\" \/>\n<meta property=\"og:url\" content=\"https:\/\/www.travelemiliaromagna.it\/en\/valentines-day-art-cities\/\" \/>\n<meta property=\"og:site_name\" content=\"Travel Emilia Romagna\" \/>\n<meta property=\"article:published_time\" content=\"2025-01-28T08:11:00+00:00\" \/>\n<meta property=\"article:modified_time\" content=\"2025-02-03T10:15:14+00:00\" \/>\n<meta property=\"og:image\" content=\"https:\/\/www.travelemiliaromagna.it\/wp-content\/uploads\/2021\/01\/Ravenna-Mausoleo-di-Galla-Placidia-Ph.-Renata-Sedmakova-via-shutterstock.jpg\" \/>\n\t<meta property=\"og:image:width\" content=\"1600\" \/>\n\t<meta property=\"og:image:height\" content=\"1104\" \/>\n\t<meta property=\"og:image:type\" content=\"image\/jpeg\" \/>\n<meta name=\"author\" content=\"Celestina Paglia\" \/>\n<meta name=\"twitter:card\" content=\"summary_large_image\" \/>\n<meta name=\"twitter:title\" content=\"Valentine&#039;s Day in the cities of art | Travel Emilia Romagna\" \/>\n<meta name=\"twitter:description\" content=\"Valentine&#039;s Day in the city? Romantic places in Emilia-Romagna amid parks, fountains, castles, cloisters, villages and starry mosaics.\" \/>\n<meta name=\"twitter:image\" content=\"https:\/\/www.travelemiliaromagna.it\/wp-content\/uploads\/2021\/01\/Ravenna-Mausoleo-di-Galla-Placidia-Ph.-Renata-Sedmakova-via-shutterstock.jpg\" \/>\n<meta name=\"twitter:label1\" content=\"Written by\" \/>\n\t<meta name=\"twitter:data1\" content=\"Celestina Paglia\" \/>\n\t<meta name=\"twitter:label2\" content=\"Est. reading time\" \/>\n\t<meta name=\"twitter:data2\" content=\"8 minutes\" \/>\n<script type=\"application\/ld+json\" class=\"yoast-schema-graph\">{\"@context\":\"https:\\\/\\\/schema.org\",\"@graph\":[{\"@type\":\"Article\",\"@id\":\"https:\\\/\\\/www.travelemiliaromagna.it\\\/en\\\/valentines-day-art-cities\\\/#article\",\"isPartOf\":{\"@id\":\"https:\\\/\\\/www.travelemiliaromagna.it\\\/en\\\/valentines-day-art-cities\\\/\"},\"author\":{\"name\":\"Celestina Paglia\",\"@id\":\"https:\\\/\\\/www.travelemiliaromagna.it\\\/en\\\/#\\\/schema\\\/person\\\/3e63e3ca6967a5cda9696c59fe256f2e\"},\"headline\":\"Valentine&#8217;s Day in the cities of art\",\"datePublished\":\"2025-01-28T08:11:00+00:00\",\"dateModified\":\"2025-02-03T10:15:14+00:00\",\"mainEntityOfPage\":{\"@id\":\"https:\\\/\\\/www.travelemiliaromagna.it\\\/en\\\/valentines-day-art-cities\\\/\"},\"wordCount\":1077,\"commentCount\":0,\"image\":{\"@id\":\"https:\\\/\\\/www.travelemiliaromagna.it\\\/en\\\/valentines-day-art-cities\\\/#primaryimage\"},\"thumbnailUrl\":\"https:\\\/\\\/www.travelemiliaromagna.it\\\/wp-content\\\/uploads\\\/2021\\\/01\\\/Reggio-Emilia-Fontana-del-Teatro-Romolo-Valli-Ph.-Eddy-Galeotti-via-shutterstock-solo-uso-editoriale.jpg\",\"keywords\":[\"Art Cities\",\"Valentine's Day\"],\"articleSection\":[\"Cities of Art\"],\"inLanguage\":\"en-US\",\"potentialAction\":[{\"@type\":\"CommentAction\",\"name\":\"Comment\",\"target\":[\"https:\\\/\\\/www.travelemiliaromagna.it\\\/en\\\/valentines-day-art-cities\\\/#respond\"]}]},{\"@type\":\"WebPage\",\"@id\":\"https:\\\/\\\/www.travelemiliaromagna.it\\\/en\\\/valentines-day-art-cities\\\/\",\"url\":\"https:\\\/\\\/www.travelemiliaromagna.it\\\/en\\\/valentines-day-art-cities\\\/\",\"name\":\"Valentine's Day in the cities of art\",\"isPartOf\":{\"@id\":\"https:\\\/\\\/www.travelemiliaromagna.it\\\/en\\\/#website\"},\"primaryImageOfPage\":{\"@id\":\"https:\\\/\\\/www.travelemiliaromagna.it\\\/en\\\/valentines-day-art-cities\\\/#primaryimage\"},\"image\":{\"@id\":\"https:\\\/\\\/www.travelemiliaromagna.it\\\/en\\\/valentines-day-art-cities\\\/#primaryimage\"},\"thumbnailUrl\":\"https:\\\/\\\/www.travelemiliaromagna.it\\\/wp-content\\\/uploads\\\/2021\\\/01\\\/Reggio-Emilia-Fontana-del-Teatro-Romolo-Valli-Ph.-Eddy-Galeotti-via-shutterstock-solo-uso-editoriale.jpg\",\"datePublished\":\"2025-01-28T08:11:00+00:00\",\"dateModified\":\"2025-02-03T10:15:14+00:00\",\"author\":{\"@id\":\"https:\\\/\\\/www.travelemiliaromagna.it\\\/en\\\/#\\\/schema\\\/person\\\/3e63e3ca6967a5cda9696c59fe256f2e\"},\"description\":\"Valentine's Day in the city? Here are the most romantic places in Emilia-Romagna among parks, fountains, castles, cloisters, villages and starry mosaics.\",\"breadcrumb\":{\"@id\":\"https:\\\/\\\/www.travelemiliaromagna.it\\\/en\\\/valentines-day-art-cities\\\/#breadcrumb\"},\"inLanguage\":\"en-US\",\"potentialAction\":[{\"@type\":\"ReadAction\",\"target\":[\"https:\\\/\\\/www.travelemiliaromagna.it\\\/en\\\/valentines-day-art-cities\\\/\"]}]},{\"@type\":\"ImageObject\",\"inLanguage\":\"en-US\",\"@id\":\"https:\\\/\\\/www.travelemiliaromagna.it\\\/en\\\/valentines-day-art-cities\\\/#primaryimage\",\"url\":\"https:\\\/\\\/www.travelemiliaromagna.it\\\/wp-content\\\/uploads\\\/2021\\\/01\\\/Reggio-Emilia-Fontana-del-Teatro-Romolo-Valli-Ph.-Eddy-Galeotti-via-shutterstock-solo-uso-editoriale.jpg\",\"contentUrl\":\"https:\\\/\\\/www.travelemiliaromagna.it\\\/wp-content\\\/uploads\\\/2021\\\/01\\\/Reggio-Emilia-Fontana-del-Teatro-Romolo-Valli-Ph.-Eddy-Galeotti-via-shutterstock-solo-uso-editoriale.jpg\",\"width\":1600,\"height\":968,\"caption\":\"Reggio Emilia, Fontana del Teatro Romolo Valli Ph. Eddy Galeotti via shutterstock solo uso editoriale\"},{\"@type\":\"BreadcrumbList\",\"@id\":\"https:\\\/\\\/www.travelemiliaromagna.it\\\/en\\\/valentines-day-art-cities\\\/#breadcrumb\",\"itemListElement\":[{\"@type\":\"ListItem\",\"position\":1,\"name\":\"Home\",\"item\":\"https:\\\/\\\/www.travelemiliaromagna.it\\\/en\\\/\"},{\"@type\":\"ListItem\",\"position\":2,\"name\":\"Valentine&#8217;s Day in the cities of art\"}]},{\"@type\":\"WebSite\",\"@id\":\"https:\\\/\\\/www.travelemiliaromagna.it\\\/en\\\/#website\",\"url\":\"https:\\\/\\\/www.travelemiliaromagna.it\\\/en\\\/\",\"name\":\"Travel Emilia Romagna\",\"description\":\"Travel Emilia Romagna\",\"potentialAction\":[{\"@type\":\"SearchAction\",\"target\":{\"@type\":\"EntryPoint\",\"urlTemplate\":\"https:\\\/\\\/www.travelemiliaromagna.it\\\/en\\\/?s={search_term_string}\"},\"query-input\":{\"@type\":\"PropertyValueSpecification\",\"valueRequired\":true,\"valueName\":\"search_term_string\"}}],\"inLanguage\":\"en-US\"},{\"@type\":\"Person\",\"@id\":\"https:\\\/\\\/www.travelemiliaromagna.it\\\/en\\\/#\\\/schema\\\/person\\\/3e63e3ca6967a5cda9696c59fe256f2e\",\"name\":\"Celestina Paglia\",\"image\":{\"@type\":\"ImageObject\",\"inLanguage\":\"en-US\",\"@id\":\"https:\\\/\\\/secure.gravatar.com\\\/avatar\\\/227e3cf7f988d1663efb47e1cb893a79b289af54f9d7458b4fefa80eadc2f0f5?s=96&d=mm&r=g\",\"url\":\"https:\\\/\\\/secure.gravatar.com\\\/avatar\\\/227e3cf7f988d1663efb47e1cb893a79b289af54f9d7458b4fefa80eadc2f0f5?s=96&d=mm&r=g\",\"contentUrl\":\"https:\\\/\\\/secure.gravatar.com\\\/avatar\\\/227e3cf7f988d1663efb47e1cb893a79b289af54f9d7458b4fefa80eadc2f0f5?s=96&d=mm&r=g\",\"caption\":\"Celestina Paglia\"},\"description\":\"Sangue siculo - abruzzese, nata e cresciuta a Firenze, emiliano romagnola di adozione. Montanara inside da sempre da poco ha scoperto la sua passione anche per il mare...\",\"url\":\"https:\\\/\\\/www.travelemiliaromagna.it\\\/en\\\/author\\\/c-paglia\\\/\"}]}<\/script>\n<!-- \/ Yoast SEO plugin. -->","yoast_head_json":{"title":"Valentine's Day in the cities of art","description":"Valentine's Day in the city? Here are the most romantic places in Emilia-Romagna among parks, fountains, castles, cloisters, villages and starry mosaics.","robots":{"index":"index","follow":"follow","max-snippet":"max-snippet:-1","max-image-preview":"max-image-preview:large","max-video-preview":"max-video-preview:-1"},"canonical":"https:\/\/www.travelemiliaromagna.it\/en\/valentines-day-art-cities\/","og_locale":"en_US","og_type":"article","og_title":"Valentine's Day in the cities of art | Travel Emilia Romagna","og_description":"Valentine's Day in the city? Romantic places in Emilia-Romagna amid parks, fountains, castles, cloisters, villages and starry mosaics.","og_url":"https:\/\/www.travelemiliaromagna.it\/en\/valentines-day-art-cities\/","og_site_name":"Travel Emilia Romagna","article_published_time":"2025-01-28T08:11:00+00:00","article_modified_time":"2025-02-03T10:15:14+00:00","og_image":[{"width":1600,"height":1104,"url":"https:\/\/www.travelemiliaromagna.it\/wp-content\/uploads\/2021\/01\/Ravenna-Mausoleo-di-Galla-Placidia-Ph.-Renata-Sedmakova-via-shutterstock.jpg","type":"image\/jpeg"}],"author":"Celestina Paglia","twitter_card":"summary_large_image","twitter_title":"Valentine's Day in the cities of art | Travel Emilia Romagna","twitter_description":"Valentine's Day in the city? Romantic places in Emilia-Romagna amid parks, fountains, castles, cloisters, villages and starry mosaics.","twitter_image":"https:\/\/www.travelemiliaromagna.it\/wp-content\/uploads\/2021\/01\/Ravenna-Mausoleo-di-Galla-Placidia-Ph.-Renata-Sedmakova-via-shutterstock.jpg","twitter_misc":{"Written by":"Celestina Paglia","Est. reading time":"8 minutes"},"schema":{"@context":"https:\/\/schema.org","@graph":[{"@type":"Article","@id":"https:\/\/www.travelemiliaromagna.it\/en\/valentines-day-art-cities\/#article","isPartOf":{"@id":"https:\/\/www.travelemiliaromagna.it\/en\/valentines-day-art-cities\/"},"author":{"name":"Celestina Paglia","@id":"https:\/\/www.travelemiliaromagna.it\/en\/#\/schema\/person\/3e63e3ca6967a5cda9696c59fe256f2e"},"headline":"Valentine&#8217;s Day in the cities of art","datePublished":"2025-01-28T08:11:00+00:00","dateModified":"2025-02-03T10:15:14+00:00","mainEntityOfPage":{"@id":"https:\/\/www.travelemiliaromagna.it\/en\/valentines-day-art-cities\/"},"wordCount":1077,"commentCount":0,"image":{"@id":"https:\/\/www.travelemiliaromagna.it\/en\/valentines-day-art-cities\/#primaryimage"},"thumbnailUrl":"https:\/\/www.travelemiliaromagna.it\/wp-content\/uploads\/2021\/01\/Reggio-Emilia-Fontana-del-Teatro-Romolo-Valli-Ph.-Eddy-Galeotti-via-shutterstock-solo-uso-editoriale.jpg","keywords":["Art Cities","Valentine's Day"],"articleSection":["Cities of Art"],"inLanguage":"en-US","potentialAction":[{"@type":"CommentAction","name":"Comment","target":["https:\/\/www.travelemiliaromagna.it\/en\/valentines-day-art-cities\/#respond"]}]},{"@type":"WebPage","@id":"https:\/\/www.travelemiliaromagna.it\/en\/valentines-day-art-cities\/","url":"https:\/\/www.travelemiliaromagna.it\/en\/valentines-day-art-cities\/","name":"Valentine's Day in the cities of art","isPartOf":{"@id":"https:\/\/www.travelemiliaromagna.it\/en\/#website"},"primaryImageOfPage":{"@id":"https:\/\/www.travelemiliaromagna.it\/en\/valentines-day-art-cities\/#primaryimage"},"image":{"@id":"https:\/\/www.travelemiliaromagna.it\/en\/valentines-day-art-cities\/#primaryimage"},"thumbnailUrl":"https:\/\/www.travelemiliaromagna.it\/wp-content\/uploads\/2021\/01\/Reggio-Emilia-Fontana-del-Teatro-Romolo-Valli-Ph.-Eddy-Galeotti-via-shutterstock-solo-uso-editoriale.jpg","datePublished":"2025-01-28T08:11:00+00:00","dateModified":"2025-02-03T10:15:14+00:00","author":{"@id":"https:\/\/www.travelemiliaromagna.it\/en\/#\/schema\/person\/3e63e3ca6967a5cda9696c59fe256f2e"},"description":"Valentine's Day in the city? Here are the most romantic places in Emilia-Romagna among parks, fountains, castles, cloisters, villages and starry mosaics.","breadcrumb":{"@id":"https:\/\/www.travelemiliaromagna.it\/en\/valentines-day-art-cities\/#breadcrumb"},"inLanguage":"en-US","potentialAction":[{"@type":"ReadAction","target":["https:\/\/www.travelemiliaromagna.it\/en\/valentines-day-art-cities\/"]}]},{"@type":"ImageObject","inLanguage":"en-US","@id":"https:\/\/www.travelemiliaromagna.it\/en\/valentines-day-art-cities\/#primaryimage","url":"https:\/\/www.travelemiliaromagna.it\/wp-content\/uploads\/2021\/01\/Reggio-Emilia-Fontana-del-Teatro-Romolo-Valli-Ph.-Eddy-Galeotti-via-shutterstock-solo-uso-editoriale.jpg","contentUrl":"https:\/\/www.travelemiliaromagna.it\/wp-content\/uploads\/2021\/01\/Reggio-Emilia-Fontana-del-Teatro-Romolo-Valli-Ph.-Eddy-Galeotti-via-shutterstock-solo-uso-editoriale.jpg","width":1600,"height":968,"caption":"Reggio Emilia, Fontana del Teatro Romolo Valli Ph. Eddy Galeotti via shutterstock solo uso editoriale"},{"@type":"BreadcrumbList","@id":"https:\/\/www.travelemiliaromagna.it\/en\/valentines-day-art-cities\/#breadcrumb","itemListElement":[{"@type":"ListItem","position":1,"name":"Home","item":"https:\/\/www.travelemiliaromagna.it\/en\/"},{"@type":"ListItem","position":2,"name":"Valentine&#8217;s Day in the cities of art"}]},{"@type":"WebSite","@id":"https:\/\/www.travelemiliaromagna.it\/en\/#website","url":"https:\/\/www.travelemiliaromagna.it\/en\/","name":"Travel Emilia Romagna","description":"Travel Emilia Romagna","potentialAction":[{"@type":"SearchAction","target":{"@type":"EntryPoint","urlTemplate":"https:\/\/www.travelemiliaromagna.it\/en\/?s={search_term_string}"},"query-input":{"@type":"PropertyValueSpecification","valueRequired":true,"valueName":"search_term_string"}}],"inLanguage":"en-US"},{"@type":"Person","@id":"https:\/\/www.travelemiliaromagna.it\/en\/#\/schema\/person\/3e63e3ca6967a5cda9696c59fe256f2e","name":"Celestina Paglia","image":{"@type":"ImageObject","inLanguage":"en-US","@id":"https:\/\/secure.gravatar.com\/avatar\/227e3cf7f988d1663efb47e1cb893a79b289af54f9d7458b4fefa80eadc2f0f5?s=96&d=mm&r=g","url":"https:\/\/secure.gravatar.com\/avatar\/227e3cf7f988d1663efb47e1cb893a79b289af54f9d7458b4fefa80eadc2f0f5?s=96&d=mm&r=g","contentUrl":"https:\/\/secure.gravatar.com\/avatar\/227e3cf7f988d1663efb47e1cb893a79b289af54f9d7458b4fefa80eadc2f0f5?s=96&d=mm&r=g","caption":"Celestina Paglia"},"description":"Sangue siculo - abruzzese, nata e cresciuta a Firenze, emiliano romagnola di adozione. Montanara inside da sempre da poco ha scoperto la sua passione anche per il mare...","url":"https:\/\/www.travelemiliaromagna.it\/en\/author\/c-paglia\/"}]}},"_links":{"self":[{"href":"https:\/\/www.travelemiliaromagna.it\/en\/wp-json\/wp\/v2\/posts\/90244","targetHints":{"allow":["GET"]}}],"collection":[{"href":"https:\/\/www.travelemiliaromagna.it\/en\/wp-json\/wp\/v2\/posts"}],"about":[{"href":"https:\/\/www.travelemiliaromagna.it\/en\/wp-json\/wp\/v2\/types\/post"}],"author":[{"embeddable":true,"href":"https:\/\/www.travelemiliaromagna.it\/en\/wp-json\/wp\/v2\/users\/28"}],"replies":[{"embeddable":true,"href":"https:\/\/www.travelemiliaromagna.it\/en\/wp-json\/wp\/v2\/comments?post=90244"}],"version-history":[{"count":3,"href":"https:\/\/www.travelemiliaromagna.it\/en\/wp-json\/wp\/v2\/posts\/90244\/revisions"}],"predecessor-version":[{"id":90270,"href":"https:\/\/www.travelemiliaromagna.it\/en\/wp-json\/wp\/v2\/posts\/90244\/revisions\/90270"}],"wp:featuredmedia":[{"embeddable":true,"href":"https:\/\/www.travelemiliaromagna.it\/en\/wp-json\/wp\/v2\/media\/78618"}],"wp:attachment":[{"href":"https:\/\/www.travelemiliaromagna.it\/en\/wp-json\/wp\/v2\/media?parent=90244"}],"wp:term":[{"taxonomy":"category","embeddable":true,"href":"https:\/\/www.travelemiliaromagna.it\/en\/wp-json\/wp\/v2\/categories?post=90244"},{"taxonomy":"post_tag","embeddable":true,"href":"https:\/\/www.travelemiliaromagna.it\/en\/wp-json\/wp\/v2\/tags?post=90244"},{"taxonomy":"durata","embeddable":true,"href":"https:\/\/www.travelemiliaromagna.it\/en\/wp-json\/wp\/v2\/durata?post=90244"},{"taxonomy":"target","embeddable":true,"href":"https:\/\/www.travelemiliaromagna.it\/en\/wp-json\/wp\/v2\/target?post=90244"}],"curies":[{"name":"wp","href":"https:\/\/api.w.org\/{rel}","templated":true}]}}