{"id":88840,"date":"2024-10-11T08:08:00","date_gmt":"2024-10-11T07:08:00","guid":{"rendered":"https:\/\/www.travelemiliaromagna.it\/6-idee-parco-foreste-casentinesi\/"},"modified":"2024-10-11T13:15:08","modified_gmt":"2024-10-11T12:15:08","slug":"6-ideas-casentino-forest-park","status":"publish","type":"post","link":"https:\/\/www.travelemiliaromagna.it\/en\/6-ideas-casentino-forest-park\/","title":{"rendered":"6 ideas for discovering the Casentino Forest Park"},"content":{"rendered":"<p>Oggi vi vogliamo dare 6 idee per scoprire il primo Parco Nazionale dell\u2019Emilia Romagna, quello delle <a href=\"https:\/\/www.travelemiliaromagna.it\/en\/emilia-romagna-foreste-casentinesi-park\/\" target=\"_blank\" rel=\"noopener\">Foreste Casentinesi<\/a>, che come il Parco dell\u2019Appennino Tosco-Emiliano condividiamo con i vicini cugini della Toscana.<br \/>\nIl Parco, istituito nel 1993, interessa la provincia di Forl\u00ec-Cesena con 5 dei suoi comuni (Bagno di Romagna, Santa Sofia, Premilcuore, Portico &#8211; San Benedetto e\u00a0Tredozio).<\/p>\n<p>Ecco le nostre 6\u00a0 idee a 360\u00b0 per tutti gli interessi e ogni stagione: dagli gnomi alle terme, dalla vetta pi\u00f9 alta all\u2019arte moderna, senza tralasciare il foliage, la diga di Ridracoli e la dantesca Portico di Romagna.<br \/>\nSeguiteci, non ve ne pentirete!<\/p>\n<p><a href=\"http:\/\/www.parcoforestecasentinesi.it\/pfc\/index.php?option=com_content&amp;task=view&amp;id=554&amp;Itemid=62&amp;lang=it\" target=\"_blank\" rel=\"noopener\"><img decoding=\"async\" class=\"aligncenter wp-image-34672 size-full\" src=\"https:\/\/www.travelemiliaromagna.it\/wp-content\/uploads\/2021\/06\/cartina-foreste-casentinesi.jpg\" alt=\"cartina foreste casentinesi\" width=\"819\" height=\"1000\" \/><\/a><\/p>\n<hr \/>\n<p>&nbsp;<\/p>\n<h3>Bagno di Romagna, per grandi e piccini<\/h3>\n<p>Se cercate la giusta meta per grandi e piccini quello che fa per voi \u00e8 <a href=\"https:\/\/www.travelemiliaromagna.it\/en\/emilia-romagna-villages-bagno-romagna\/\">Bagno di Romagna<\/a>.<br \/>\nPrima il <a href=\"https:\/\/www.travelemiliaromagna.it\/il-sentiero-degli-gnomi-di-bagno-di-romagna\/\">Sentiero degli gnomi<\/a>, un anello di 2 km, vi porter\u00e0 nel magico mondo degli gnomi facendovi tornare bambini: partendo dai giardini pubblici e superando il ponte sul Savio vi addentrerete nel bosco pieno di sculture di pietra, sagome di animali e casette in legno e cartelli con disegni e brani di favole. Poi puro relax grazie ai benefici effetti delle sue calde <a href=\"http:\/\/www.emiliaromagnaterme.it\/localita-termali\/forli-cesena\/\" target=\"_blank\" rel=\"noopener\">acque termali<\/a>,\u00a0 gi\u00e0 note ai Romani, in uno dei tre moderni stabilimenti termali scegliendo tra trattamenti termali e di benessere.<\/p>\n<p>Nei cambi di stagione, perch\u00e9 non approfittare di qualche coccola per affrontarli al meglio? Pensateci!<\/p>\n<div id=\"attachment_34656\" class=\"wp-caption aligncenter\" style=\"width: 510px;\">\n<p><img decoding=\"async\" class=\"size-medium wp-image-34656\" src=\"https:\/\/www.travelemiliaromagna.it\/wp-content\/uploads\/2021\/06\/bagno-di-romagna-ph.-dadeds3.jpg\" alt=\"sentiero degli gnomi a bagno di romagna\" width=\"500\" height=\"500\" \/><\/p>\n<p class=\"wp-caption-text\">Ph. @dadeds3<\/p>\n<\/div>\n<p>&nbsp;<\/p>\n<hr \/>\n<p>&nbsp;<\/p>\n<h3>Il Lago e la Diga di Ridracoli<\/h3>\n<p>Unico lago, artificiale, del Parco realizzato a cavallo tra gli anni &#8217;70 e &#8217;80 a seguito costruzione della <a href=\"http:\/\/www.ridracoli.it\/\" target=\"_blank\" rel=\"noopener\">diga<\/a> \u00e8 una tappa fissa nell\u2019itinerario di chi visita il Parco.<br \/>\nMolte le opzioni per viverlo. Ancora possibile in questi primi weekend autunnali il facile trekking fino al rifugio C\u00e0 di Sopra o un pic nic in riva al lago.<br \/>\nIn primavera e estate da segnare in agenda l\u2019escursione a bordo di battelli elettrici\u00a0 o, per i pi\u00f9 sportivi, in canoa.<br \/>\nVale una visita, tutto l\u2019anno invece, l\u2019<a href=\"http:\/\/www.atlantide.net\/jsps\/296\/MenuSX\/352\/Idro_Ecomuseo_br_delle_Acque_di_Ridracoli.jsp\" target=\"_blank\" rel=\"noopener\">Idro Museo delle Acque di Ridracoli<\/a> dove l&#8217;acqua, manco a dirlo, \u00e8 la vera protagonista.<br \/>\nMonitorano in tempo reale lo stato della diga ben 2 <a href=\"http:\/\/www.ridracoli.it\/diga_di_ridracoli\/webcam.php\" target=\"_blank\" rel=\"noopener\">web cam<\/a>.<\/p>\n<p>Curiosit\u00e0: lo sapevate che la diga fornisce acqua ai residenti delle province di Forl\u00ec-Cesena, Ravenna, Rimini e persino lo stato estero di San Marino?<\/p>\n<div id=\"attachment_34657\" class=\"wp-caption aligncenter\" style=\"width: 650px;\">\n<p><img decoding=\"async\" class=\"size-full wp-image-34657\" src=\"https:\/\/www.travelemiliaromagna.it\/wp-content\/uploads\/2021\/06\/diga-di-ridracoli-@lostinaryi.jpg\" alt=\"diga di ridracoli\" width=\"640\" height=\"360\" \/><\/p>\n<p class=\"wp-caption-text\">Ph. @Lostinarmy<\/p>\n<\/div>\n<p>&nbsp;<\/p>\n<hr \/>\n<p>&nbsp;<\/p>\n<h3>Il Fall Foliage<\/h3>\n<p>In autunno la natura ci regala <a href=\"https:\/\/www.travelemiliaromagna.it\/en\/fall-foliage-inemiliaromagna\/\">uno dei pi\u00f9 belli e colorati spettacoli della natura<\/a>: la foresta per poche settimane, si accende d\u2019infinite sfumature dal verde al rosso, passando per il giallo e l\u2019arancione.<br \/>\nUno dei luoghi dove vivere questa esperienza emozionale \u00e8 la Foresta di Campigna, risalendo dall\u2019abitato al Passo della Calla per la mulattiera Granducale e scendendo per il sentiero della Fonte del Raggio, fino a Villaneta.<br \/>\nLa particolare posizione dell\u2019Appennino tosco-romagnolo, a cerniera tra due grandi regioni quella mediterranea e quella europea con le relative specie vegetative pu\u00f2 far conferire alle sue foreste il titolo di Foreste pi\u00f9 colorate d\u2019Italia.<br \/>\nTutte le escursione organizzate le puoi trovare su <a href=\"https:\/\/www.parcoforestecasentinesi.it\/it\/vivi-il-parco\/attivita\/iniziative-stagionali\/autunno-slow\" target=\"_blank\" rel=\"noopener\">www.autunnoslow.net<\/a><\/p>\n<p>Periodo migliore: le ultime due settimane di ottobre e le prime due di novembre.<\/p>\n<div id=\"attachment_41076\" class=\"wp-caption aligncenter\" style=\"width: 510px;\">\n<p><img decoding=\"async\" class=\"size-medium wp-image-41076\" src=\"https:\/\/www.travelemiliaromagna.it\/wp-content\/uploads\/2021\/06\/Fall-Foliage-InEmiliaRomagna-foreste-casentinesi-ph.-followselect.jpg\" alt=\"Fall Foliage #InEmiliaRomagna foreste casentinesi ph. followselect\" width=\"500\" height=\"500\" \/><\/p>\n<p class=\"wp-caption-text\">Ph. followselect<\/p>\n<\/div>\n<p>&nbsp;<\/p>\n<hr \/>\n<p>&nbsp;<\/p>\n<h3>L\u2019arte moderna a Santa Sofia<\/h3>\n<p>Non a tutti \u00e8 noto\u00a0che il piccolo borgo di\u00a0<a href=\"http:\/\/www.emiliaromagnaturismo.it\/it\/localita\/santa-sofia-fc\/scheda?ID=308\" target=\"_blank\" rel=\"noopener\">Santa Sofia<\/a>\u00a0(appartenente all&#8217;<a href=\"http:\/\/www.travelemiliaromagna.it\/emilia-romagna-borghi-unione-romagna-forlivese\">Unione dei Comuni della Romagna forlivese<\/a>), adagiato sulle sponde del fiume Bidente, \u00e8 una tappa interessante per gli amanti dell\u2019arte moderna grazie alla <a href=\"http:\/\/www.comune.santa-sofia.fc.it\/index.php?option=com_content&amp;view=article&amp;id=124&amp;Itemid=122\" target=\"_blank\" rel=\"noopener\">Galleria d&#8217;arte moderna &#8220;Vero Stoppioni\u201d<\/a>\u00a0che dal 1990 espone e conserva le opere realizzate per le varie edizioni del Premio Campigna.<br \/>\nLa struttura raccoglie opere delle pi\u00f9 svariate\u00a0tendenze artistiche italiane dagli anni 1950 ad oggi: il realismo, l\u2019informale, la pop art, l\u2019astrattismo, la rappresentazione metafisica, la nuova figurazione, fino alle pi\u00f9 recenti produzioni. Attenzione particolare dedicata a Mattia Moreni (1920-1999), \u201cil pi\u00f9 mobile ed irrequieto fra i nostri maestri\u201d come lo definisce lo storico dell\u2019arte Renato Barilli, che cre\u00f2 un rapporto privilegiato con Santa Sofia e il suo territorio. La Galleria aperta di domenica pu\u00f2 essere aperta su richiesta telefonando allo 0543\/975428-29 &#8211; 0543\/981854.<\/p>\n<p>Altro esempio di attenzione all\u2019arte moderna il parco fluviale con le sculture moderne di vari artisti, tra cui i coniugi Poirer.<\/p>\n<div id=\"attachment_34660\" class=\"wp-caption aligncenter\" style=\"width: 677px;\">\n<p><img decoding=\"async\" class=\"size-medium wp-image-34660\" src=\"https:\/\/www.travelemiliaromagna.it\/wp-content\/uploads\/2021\/06\/pfc2013santa_sofiacentro_storico_mibacw2511opi1010.jpg\" alt=\"Lungo Bidente a Santa Sofia ph. opi1010\" width=\"667\" height=\"500\" \/><\/p>\n<p class=\"wp-caption-text\">WLM2013 Ph. opi1010<\/p>\n<\/div>\n<p>&nbsp;<\/p>\n<hr \/>\n<p>&nbsp;<\/p>\n<h3>Portico di Romagna: non solo paese dei presepi<\/h3>\n<p>Durante le festivit\u00e0 natalizie il paese medievale di <a href=\"http:\/\/www.travelemiliaromagna.it\/emilia-romagna-borghi-portico-san-benedetto\">Portico di Romagna<\/a> ospita un&#8217;esposizione di presepi, disseminati negli angoli pi\u00f9 suggestivi dell&#8217;antico borgo, dalle facciate delle case ai sottoscale, dalle finestrelle alle panchine fino ai tronchi dando vita ad uno degli eventi natalizi pi\u00f9 visitati in regione.<br \/>\nMa non a tutti sanno che\u00a0la storia ci tramanda un forte legame con la Toscana di Dante: provincia di Firenze fino al 1923, si narra che fu proprio qui che sbocci\u00f2 l&#8217;amore di Dante Alighieri per Beatrice Portinari. Poco distante inoltre il sentiero che conduce alle cascate dell\u2019Acquacheta, tra le maggiori dell&#8217;Appennino Settentrionale, rese famose dal sommo poeta nel canto XVI dell\u2019Inferno.<br \/>\nUna meta turistica con uno doppio valore: <a href=\"http:\/\/www.leterredidante.com\/portico-di-romagna\" target=\"_blank\" rel=\"noopener\">letterario<\/a> e <a href=\"http:\/\/www.appenninoromagnolo.it\/itinerari_trek\/acquacheta.asp\" target=\"_blank\" rel=\"noopener\">naturalistico<\/a>.<\/p>\n<p>Consigliato un rinfrescante bagno estivo nel fiume Montone, a due passi dai vicoli medioevali del borgo.<\/p>\n<div id=\"attachment_34661\" class=\"wp-caption aligncenter\" style=\"width: 510px;\">\n<p><img decoding=\"async\" class=\"size-medium wp-image-34661\" src=\"https:\/\/www.travelemiliaromagna.it\/wp-content\/uploads\/2021\/06\/Vicoli-medievali-a-Portico-di-Romagna-Anna_Maria_Peronese.jpg\" alt=\"Vicoli-medievali-a-Portico-di-Romagna-Anna_Maria_Peronese\" width=\"500\" height=\"500\" \/><\/p>\n<p class=\"wp-caption-text\">Ph. Anna_Maria_Peronese<\/p>\n<\/div>\n<p>&nbsp;<\/p>\n<hr \/>\n<p>&nbsp;<\/p>\n<h3>Monte Falco: la vetta pi\u00f9 alta del Parco<\/h3>\n<p>Escursione immancabile per gli amici trekker quella che porta sul tetto del Parco raggiungendo i 1.658 metri del Monte Falco.<br \/>\nL\u2019escursione <a href=\"http:\/\/www.parks.it\/parco.nazionale.for.casentinesi\/iti_dettaglio.php?id_iti=3249\" target=\"_blank\" rel=\"noopener\">Trek 14 &#8211; Sul tetto dell&#8217;Appennino dove gli alberi toccano il cielo<\/a>\u00a0parte da Campigna, piccola localit\u00e0 nel comune di Santa Sofia, passando per il Passo della Calla e\u00a0 in ca. 1 h e 40 minuti,\u00a0 dopo poco pi\u00f9 di 4 km e 350 metri di dislivello vi regaler\u00e0 il panorama mozzafiato visibile dalla vetta. Proseguendo si pu\u00f2 raggiungere anche il Monte Falterona seconda vetta del Parco (1.654 metri) nel versante toscano.\u00a0Preparate lo zaino ci becchiamo sul sentiero!<\/p>\n<p>Consigliato in tutte le stagioni, purch\u00e9 muniti di attrezzatura e vestiario adeguati.<\/p>\n<div id=\"attachment_34662\" class=\"wp-caption aligncenter\" style=\"width: 677px;\">\n<p><img decoding=\"async\" class=\"size-medium wp-image-34662\" src=\"https:\/\/www.travelemiliaromagna.it\/wp-content\/uploads\/2021\/06\/Vista-da-Monte-Falco-@Parks.jpeg\" alt=\"Vista da Monte Falco @Parks.it\" width=\"667\" height=\"500\" \/><\/p>\n<p class=\"wp-caption-text\">Ph. @Parks.it<\/p>\n<\/div>\n<p>Se vi abbiamo fatto venir voglia di visitare il parco aspettiamo presto di sapere le tappe preferite e le vostre impressioni!<\/p>\n","protected":false},"excerpt":{"rendered":"<p>Per scoprire il primo Parco Nazionale dell\u2019Emilia Romagna, quello delle Foreste Casentinesi ecco&#13;<br \/>\n6\u00a0 idee a 360\u00b0 per tutti gli interessi e ogni stagione: dagli gnomi alle terme, dalla vetta pi\u00f9 alta all\u2019arte moderna, senza tralasciare il foliage, la diga di Ridracoli e la dantesca Portico di Romagna.&#13;<br \/>\nSeguiteci, non ve ne pentirete!<\/p>\n","protected":false},"author":28,"featured_media":88711,"comment_status":"open","ping_status":"open","sticky":false,"template":"single-indice.php","format":"standard","meta":{"_acf_changed":false,"footnotes":""},"categories":[678],"tags":[473,121],"durata":[],"target":[],"class_list":["post-88840","post","type-post","status-publish","format-standard","has-post-thumbnail","hentry","category-natural-parks","tag-apennines-area","tag-parchi-naturali"],"acf":[],"yoast_head":"<!-- This site is optimized with the Yoast SEO plugin v27.3 - https:\/\/yoast.com\/product\/yoast-seo-wordpress\/ -->\n<title>6 ideas for discovering the Casentino Forest Park<\/title>\n<meta name=\"description\" content=\"6 ideas for discovering the Casentino Forests National Park, among gnomes, modern art, lakes and lots of trekking.\" \/>\n<meta name=\"robots\" content=\"index, follow, max-snippet:-1, max-image-preview:large, max-video-preview:-1\" \/>\n<link rel=\"canonical\" href=\"https:\/\/www.travelemiliaromagna.it\/en\/6-ideas-casentino-forest-park\/\" \/>\n<meta property=\"og:locale\" content=\"en_US\" \/>\n<meta property=\"og:type\" content=\"article\" \/>\n<meta property=\"og:title\" content=\"6 ideas for discovering the Casentino Forest Park\" \/>\n<meta property=\"og:description\" content=\"6 ideas for discovering the Casentino Forests National Park, among gnomes, modern art, lakes and lots of trekking.\" \/>\n<meta property=\"og:url\" content=\"https:\/\/www.travelemiliaromagna.it\/en\/6-ideas-casentino-forest-park\/\" \/>\n<meta property=\"og:site_name\" content=\"Travel Emilia Romagna\" \/>\n<meta property=\"article:published_time\" content=\"2024-10-11T07:08:00+00:00\" \/>\n<meta property=\"article:modified_time\" content=\"2024-10-11T12:15:08+00:00\" \/>\n<meta property=\"og:image\" content=\"https:\/\/www.travelemiliaromagna.it\/wp-content\/uploads\/2016\/09\/Prati-della-Burraia-2.jpg\" \/>\n\t<meta property=\"og:image:width\" content=\"1600\" \/>\n\t<meta property=\"og:image:height\" content=\"1067\" \/>\n\t<meta property=\"og:image:type\" content=\"image\/jpeg\" \/>\n<meta name=\"author\" content=\"Celestina Paglia\" \/>\n<meta name=\"twitter:card\" content=\"summary_large_image\" \/>\n<meta name=\"twitter:label1\" content=\"Written by\" \/>\n\t<meta name=\"twitter:data1\" content=\"Celestina Paglia\" \/>\n\t<meta name=\"twitter:label2\" content=\"Est. reading time\" \/>\n\t<meta name=\"twitter:data2\" content=\"8 minutes\" \/>\n<script type=\"application\/ld+json\" class=\"yoast-schema-graph\">{\"@context\":\"https:\\\/\\\/schema.org\",\"@graph\":[{\"@type\":\"Article\",\"@id\":\"https:\\\/\\\/www.travelemiliaromagna.it\\\/en\\\/6-ideas-casentino-forest-park\\\/#article\",\"isPartOf\":{\"@id\":\"https:\\\/\\\/www.travelemiliaromagna.it\\\/en\\\/6-ideas-casentino-forest-park\\\/\"},\"author\":{\"name\":\"Celestina Paglia\",\"@id\":\"https:\\\/\\\/www.travelemiliaromagna.it\\\/en\\\/#\\\/schema\\\/person\\\/3e63e3ca6967a5cda9696c59fe256f2e\"},\"headline\":\"6 ideas for discovering the Casentino Forest Park\",\"datePublished\":\"2024-10-11T07:08:00+00:00\",\"dateModified\":\"2024-10-11T12:15:08+00:00\",\"mainEntityOfPage\":{\"@id\":\"https:\\\/\\\/www.travelemiliaromagna.it\\\/en\\\/6-ideas-casentino-forest-park\\\/\"},\"wordCount\":989,\"commentCount\":0,\"image\":{\"@id\":\"https:\\\/\\\/www.travelemiliaromagna.it\\\/en\\\/6-ideas-casentino-forest-park\\\/#primaryimage\"},\"thumbnailUrl\":\"https:\\\/\\\/www.travelemiliaromagna.it\\\/wp-content\\\/uploads\\\/2016\\\/09\\\/Prati-della-Burraia-2.jpg\",\"keywords\":[\"Apennines area\",\"Parchi Naturali\"],\"articleSection\":[\"Natural Parks\"],\"inLanguage\":\"en-US\",\"potentialAction\":[{\"@type\":\"CommentAction\",\"name\":\"Comment\",\"target\":[\"https:\\\/\\\/www.travelemiliaromagna.it\\\/en\\\/6-ideas-casentino-forest-park\\\/#respond\"]}]},{\"@type\":\"WebPage\",\"@id\":\"https:\\\/\\\/www.travelemiliaromagna.it\\\/en\\\/6-ideas-casentino-forest-park\\\/\",\"url\":\"https:\\\/\\\/www.travelemiliaromagna.it\\\/en\\\/6-ideas-casentino-forest-park\\\/\",\"name\":\"6 ideas for discovering the Casentino Forest Park\",\"isPartOf\":{\"@id\":\"https:\\\/\\\/www.travelemiliaromagna.it\\\/en\\\/#website\"},\"primaryImageOfPage\":{\"@id\":\"https:\\\/\\\/www.travelemiliaromagna.it\\\/en\\\/6-ideas-casentino-forest-park\\\/#primaryimage\"},\"image\":{\"@id\":\"https:\\\/\\\/www.travelemiliaromagna.it\\\/en\\\/6-ideas-casentino-forest-park\\\/#primaryimage\"},\"thumbnailUrl\":\"https:\\\/\\\/www.travelemiliaromagna.it\\\/wp-content\\\/uploads\\\/2016\\\/09\\\/Prati-della-Burraia-2.jpg\",\"datePublished\":\"2024-10-11T07:08:00+00:00\",\"dateModified\":\"2024-10-11T12:15:08+00:00\",\"author\":{\"@id\":\"https:\\\/\\\/www.travelemiliaromagna.it\\\/en\\\/#\\\/schema\\\/person\\\/3e63e3ca6967a5cda9696c59fe256f2e\"},\"description\":\"6 ideas for discovering the Casentino Forests National Park, among gnomes, modern art, lakes and lots of trekking.\",\"breadcrumb\":{\"@id\":\"https:\\\/\\\/www.travelemiliaromagna.it\\\/en\\\/6-ideas-casentino-forest-park\\\/#breadcrumb\"},\"inLanguage\":\"en-US\",\"potentialAction\":[{\"@type\":\"ReadAction\",\"target\":[\"https:\\\/\\\/www.travelemiliaromagna.it\\\/en\\\/6-ideas-casentino-forest-park\\\/\"]}]},{\"@type\":\"ImageObject\",\"inLanguage\":\"en-US\",\"@id\":\"https:\\\/\\\/www.travelemiliaromagna.it\\\/en\\\/6-ideas-casentino-forest-park\\\/#primaryimage\",\"url\":\"https:\\\/\\\/www.travelemiliaromagna.it\\\/wp-content\\\/uploads\\\/2016\\\/09\\\/Prati-della-Burraia-2.jpg\",\"contentUrl\":\"https:\\\/\\\/www.travelemiliaromagna.it\\\/wp-content\\\/uploads\\\/2016\\\/09\\\/Prati-della-Burraia-2.jpg\",\"width\":1600,\"height\":1067,\"caption\":\"Prati della Burraia | Ph. Nicola Andrucci\"},{\"@type\":\"BreadcrumbList\",\"@id\":\"https:\\\/\\\/www.travelemiliaromagna.it\\\/en\\\/6-ideas-casentino-forest-park\\\/#breadcrumb\",\"itemListElement\":[{\"@type\":\"ListItem\",\"position\":1,\"name\":\"Home\",\"item\":\"https:\\\/\\\/www.travelemiliaromagna.it\\\/en\\\/\"},{\"@type\":\"ListItem\",\"position\":2,\"name\":\"6 ideas for discovering the Casentino Forest Park\"}]},{\"@type\":\"WebSite\",\"@id\":\"https:\\\/\\\/www.travelemiliaromagna.it\\\/en\\\/#website\",\"url\":\"https:\\\/\\\/www.travelemiliaromagna.it\\\/en\\\/\",\"name\":\"Travel Emilia Romagna\",\"description\":\"Travel Emilia Romagna\",\"potentialAction\":[{\"@type\":\"SearchAction\",\"target\":{\"@type\":\"EntryPoint\",\"urlTemplate\":\"https:\\\/\\\/www.travelemiliaromagna.it\\\/en\\\/?s={search_term_string}\"},\"query-input\":{\"@type\":\"PropertyValueSpecification\",\"valueRequired\":true,\"valueName\":\"search_term_string\"}}],\"inLanguage\":\"en-US\"},{\"@type\":\"Person\",\"@id\":\"https:\\\/\\\/www.travelemiliaromagna.it\\\/en\\\/#\\\/schema\\\/person\\\/3e63e3ca6967a5cda9696c59fe256f2e\",\"name\":\"Celestina Paglia\",\"image\":{\"@type\":\"ImageObject\",\"inLanguage\":\"en-US\",\"@id\":\"https:\\\/\\\/secure.gravatar.com\\\/avatar\\\/227e3cf7f988d1663efb47e1cb893a79b289af54f9d7458b4fefa80eadc2f0f5?s=96&d=mm&r=g\",\"url\":\"https:\\\/\\\/secure.gravatar.com\\\/avatar\\\/227e3cf7f988d1663efb47e1cb893a79b289af54f9d7458b4fefa80eadc2f0f5?s=96&d=mm&r=g\",\"contentUrl\":\"https:\\\/\\\/secure.gravatar.com\\\/avatar\\\/227e3cf7f988d1663efb47e1cb893a79b289af54f9d7458b4fefa80eadc2f0f5?s=96&d=mm&r=g\",\"caption\":\"Celestina Paglia\"},\"description\":\"Sangue siculo - abruzzese, nata e cresciuta a Firenze, emiliano romagnola di adozione. Montanara inside da sempre da poco ha scoperto la sua passione anche per il mare...\",\"url\":\"https:\\\/\\\/www.travelemiliaromagna.it\\\/en\\\/author\\\/c-paglia\\\/\"}]}<\/script>\n<!-- \/ Yoast SEO plugin. -->","yoast_head_json":{"title":"6 ideas for discovering the Casentino Forest Park","description":"6 ideas for discovering the Casentino Forests National Park, among gnomes, modern art, lakes and lots of trekking.","robots":{"index":"index","follow":"follow","max-snippet":"max-snippet:-1","max-image-preview":"max-image-preview:large","max-video-preview":"max-video-preview:-1"},"canonical":"https:\/\/www.travelemiliaromagna.it\/en\/6-ideas-casentino-forest-park\/","og_locale":"en_US","og_type":"article","og_title":"6 ideas for discovering the Casentino Forest Park","og_description":"6 ideas for discovering the Casentino Forests National Park, among gnomes, modern art, lakes and lots of trekking.","og_url":"https:\/\/www.travelemiliaromagna.it\/en\/6-ideas-casentino-forest-park\/","og_site_name":"Travel Emilia Romagna","article_published_time":"2024-10-11T07:08:00+00:00","article_modified_time":"2024-10-11T12:15:08+00:00","og_image":[{"width":1600,"height":1067,"url":"https:\/\/www.travelemiliaromagna.it\/wp-content\/uploads\/2016\/09\/Prati-della-Burraia-2.jpg","type":"image\/jpeg"}],"author":"Celestina Paglia","twitter_card":"summary_large_image","twitter_misc":{"Written by":"Celestina Paglia","Est. reading time":"8 minutes"},"schema":{"@context":"https:\/\/schema.org","@graph":[{"@type":"Article","@id":"https:\/\/www.travelemiliaromagna.it\/en\/6-ideas-casentino-forest-park\/#article","isPartOf":{"@id":"https:\/\/www.travelemiliaromagna.it\/en\/6-ideas-casentino-forest-park\/"},"author":{"name":"Celestina Paglia","@id":"https:\/\/www.travelemiliaromagna.it\/en\/#\/schema\/person\/3e63e3ca6967a5cda9696c59fe256f2e"},"headline":"6 ideas for discovering the Casentino Forest Park","datePublished":"2024-10-11T07:08:00+00:00","dateModified":"2024-10-11T12:15:08+00:00","mainEntityOfPage":{"@id":"https:\/\/www.travelemiliaromagna.it\/en\/6-ideas-casentino-forest-park\/"},"wordCount":989,"commentCount":0,"image":{"@id":"https:\/\/www.travelemiliaromagna.it\/en\/6-ideas-casentino-forest-park\/#primaryimage"},"thumbnailUrl":"https:\/\/www.travelemiliaromagna.it\/wp-content\/uploads\/2016\/09\/Prati-della-Burraia-2.jpg","keywords":["Apennines area","Parchi Naturali"],"articleSection":["Natural Parks"],"inLanguage":"en-US","potentialAction":[{"@type":"CommentAction","name":"Comment","target":["https:\/\/www.travelemiliaromagna.it\/en\/6-ideas-casentino-forest-park\/#respond"]}]},{"@type":"WebPage","@id":"https:\/\/www.travelemiliaromagna.it\/en\/6-ideas-casentino-forest-park\/","url":"https:\/\/www.travelemiliaromagna.it\/en\/6-ideas-casentino-forest-park\/","name":"6 ideas for discovering the Casentino Forest Park","isPartOf":{"@id":"https:\/\/www.travelemiliaromagna.it\/en\/#website"},"primaryImageOfPage":{"@id":"https:\/\/www.travelemiliaromagna.it\/en\/6-ideas-casentino-forest-park\/#primaryimage"},"image":{"@id":"https:\/\/www.travelemiliaromagna.it\/en\/6-ideas-casentino-forest-park\/#primaryimage"},"thumbnailUrl":"https:\/\/www.travelemiliaromagna.it\/wp-content\/uploads\/2016\/09\/Prati-della-Burraia-2.jpg","datePublished":"2024-10-11T07:08:00+00:00","dateModified":"2024-10-11T12:15:08+00:00","author":{"@id":"https:\/\/www.travelemiliaromagna.it\/en\/#\/schema\/person\/3e63e3ca6967a5cda9696c59fe256f2e"},"description":"6 ideas for discovering the Casentino Forests National Park, among gnomes, modern art, lakes and lots of trekking.","breadcrumb":{"@id":"https:\/\/www.travelemiliaromagna.it\/en\/6-ideas-casentino-forest-park\/#breadcrumb"},"inLanguage":"en-US","potentialAction":[{"@type":"ReadAction","target":["https:\/\/www.travelemiliaromagna.it\/en\/6-ideas-casentino-forest-park\/"]}]},{"@type":"ImageObject","inLanguage":"en-US","@id":"https:\/\/www.travelemiliaromagna.it\/en\/6-ideas-casentino-forest-park\/#primaryimage","url":"https:\/\/www.travelemiliaromagna.it\/wp-content\/uploads\/2016\/09\/Prati-della-Burraia-2.jpg","contentUrl":"https:\/\/www.travelemiliaromagna.it\/wp-content\/uploads\/2016\/09\/Prati-della-Burraia-2.jpg","width":1600,"height":1067,"caption":"Prati della Burraia | Ph. Nicola Andrucci"},{"@type":"BreadcrumbList","@id":"https:\/\/www.travelemiliaromagna.it\/en\/6-ideas-casentino-forest-park\/#breadcrumb","itemListElement":[{"@type":"ListItem","position":1,"name":"Home","item":"https:\/\/www.travelemiliaromagna.it\/en\/"},{"@type":"ListItem","position":2,"name":"6 ideas for discovering the Casentino Forest Park"}]},{"@type":"WebSite","@id":"https:\/\/www.travelemiliaromagna.it\/en\/#website","url":"https:\/\/www.travelemiliaromagna.it\/en\/","name":"Travel Emilia Romagna","description":"Travel Emilia Romagna","potentialAction":[{"@type":"SearchAction","target":{"@type":"EntryPoint","urlTemplate":"https:\/\/www.travelemiliaromagna.it\/en\/?s={search_term_string}"},"query-input":{"@type":"PropertyValueSpecification","valueRequired":true,"valueName":"search_term_string"}}],"inLanguage":"en-US"},{"@type":"Person","@id":"https:\/\/www.travelemiliaromagna.it\/en\/#\/schema\/person\/3e63e3ca6967a5cda9696c59fe256f2e","name":"Celestina Paglia","image":{"@type":"ImageObject","inLanguage":"en-US","@id":"https:\/\/secure.gravatar.com\/avatar\/227e3cf7f988d1663efb47e1cb893a79b289af54f9d7458b4fefa80eadc2f0f5?s=96&d=mm&r=g","url":"https:\/\/secure.gravatar.com\/avatar\/227e3cf7f988d1663efb47e1cb893a79b289af54f9d7458b4fefa80eadc2f0f5?s=96&d=mm&r=g","contentUrl":"https:\/\/secure.gravatar.com\/avatar\/227e3cf7f988d1663efb47e1cb893a79b289af54f9d7458b4fefa80eadc2f0f5?s=96&d=mm&r=g","caption":"Celestina Paglia"},"description":"Sangue siculo - abruzzese, nata e cresciuta a Firenze, emiliano romagnola di adozione. Montanara inside da sempre da poco ha scoperto la sua passione anche per il mare...","url":"https:\/\/www.travelemiliaromagna.it\/en\/author\/c-paglia\/"}]}},"_links":{"self":[{"href":"https:\/\/www.travelemiliaromagna.it\/en\/wp-json\/wp\/v2\/posts\/88840","targetHints":{"allow":["GET"]}}],"collection":[{"href":"https:\/\/www.travelemiliaromagna.it\/en\/wp-json\/wp\/v2\/posts"}],"about":[{"href":"https:\/\/www.travelemiliaromagna.it\/en\/wp-json\/wp\/v2\/types\/post"}],"author":[{"embeddable":true,"href":"https:\/\/www.travelemiliaromagna.it\/en\/wp-json\/wp\/v2\/users\/28"}],"replies":[{"embeddable":true,"href":"https:\/\/www.travelemiliaromagna.it\/en\/wp-json\/wp\/v2\/comments?post=88840"}],"version-history":[{"count":3,"href":"https:\/\/www.travelemiliaromagna.it\/en\/wp-json\/wp\/v2\/posts\/88840\/revisions"}],"predecessor-version":[{"id":88853,"href":"https:\/\/www.travelemiliaromagna.it\/en\/wp-json\/wp\/v2\/posts\/88840\/revisions\/88853"}],"wp:featuredmedia":[{"embeddable":true,"href":"https:\/\/www.travelemiliaromagna.it\/en\/wp-json\/wp\/v2\/media\/88711"}],"wp:attachment":[{"href":"https:\/\/www.travelemiliaromagna.it\/en\/wp-json\/wp\/v2\/media?parent=88840"}],"wp:term":[{"taxonomy":"category","embeddable":true,"href":"https:\/\/www.travelemiliaromagna.it\/en\/wp-json\/wp\/v2\/categories?post=88840"},{"taxonomy":"post_tag","embeddable":true,"href":"https:\/\/www.travelemiliaromagna.it\/en\/wp-json\/wp\/v2\/tags?post=88840"},{"taxonomy":"durata","embeddable":true,"href":"https:\/\/www.travelemiliaromagna.it\/en\/wp-json\/wp\/v2\/durata?post=88840"},{"taxonomy":"target","embeddable":true,"href":"https:\/\/www.travelemiliaromagna.it\/en\/wp-json\/wp\/v2\/target?post=88840"}],"curies":[{"name":"wp","href":"https:\/\/api.w.org\/{rel}","templated":true}]}}